{"id":2236,"date":"2016-11-04T09:32:43","date_gmt":"2016-11-04T08:32:43","guid":{"rendered":"https:\/\/p-gccz55.project.space\/?p=2236"},"modified":"2021-06-16T09:33:52","modified_gmt":"2021-06-16T07:33:52","slug":"fruchtimport-vanwylick-foerdert-sprachkenntnisse-der-mitarbeiterinnen","status":"publish","type":"post","link":"https:\/\/www.vanwylick.de\/en\/fruchtimport-vanwylick-foerdert-sprachkenntnisse-der-mitarbeiterinnen\/","title":{"rendered":"Fruchtimport vanWylick fosters employees\u2019 language skills"},"content":{"rendered":"<p>It is not only the expertise that new employees add to the company that is important. The experience and skill set of our established staff \u2013 some of whom have been with us for many years \u2013 is of great benefit to vanWylick. In order to foster these colleagues\u2019 skills and invest in their professional growth, we have set up a professional training programme together with the language school Berlitz. As well as looking at things from a purely linguistic point of view, it goes without saying that cultural factors also play a role, so this why we support networking within the company in the same way.<\/p>","protected":false},"excerpt":{"rendered":"<p>Nicht nur das Knowhow neuer Mitarbeiter:innen ist wichtig. Gerade die Erfahrungen und Kompetenzen unserer bestehenden \u2013 teils langj\u00e4hrigen \u2013 Mitarbeiter:innen ist von gr\u00f6\u00dftem Interesse. Um diese Kolleg:innen zu f\u00f6rdern und in deren Entwicklung zu investieren, habe wir zusammen mit der Sprachschule Berlitz ein professionelles Training aufgesetzt. Neben den rein sprachlichen Faktoren spielen selbstverst\u00e4ndlich auch kulturelle [&hellip;]<\/p>","protected":false},"author":1,"featured_media":0,"comment_status":"open","ping_status":"open","sticky":false,"template":"","format":"standard","meta":{"_seopress_robots_primary_cat":"none","_seopress_titles_title":"","_seopress_titles_desc":"","_seopress_robots_index":"","footnotes":""},"categories":[9],"tags":[],"class_list":["post-2236","post","type-post","status-publish","format-standard","hentry","category-presseinformation"],"_links":{"self":[{"href":"https:\/\/www.vanwylick.de\/en\/wp-json\/wp\/v2\/posts\/2236","targetHints":{"allow":["GET"]}}],"collection":[{"href":"https:\/\/www.vanwylick.de\/en\/wp-json\/wp\/v2\/posts"}],"about":[{"href":"https:\/\/www.vanwylick.de\/en\/wp-json\/wp\/v2\/types\/post"}],"author":[{"embeddable":true,"href":"https:\/\/www.vanwylick.de\/en\/wp-json\/wp\/v2\/users\/1"}],"replies":[{"embeddable":true,"href":"https:\/\/www.vanwylick.de\/en\/wp-json\/wp\/v2\/comments?post=2236"}],"version-history":[{"count":1,"href":"https:\/\/www.vanwylick.de\/en\/wp-json\/wp\/v2\/posts\/2236\/revisions"}],"predecessor-version":[{"id":2238,"href":"https:\/\/www.vanwylick.de\/en\/wp-json\/wp\/v2\/posts\/2236\/revisions\/2238"}],"wp:attachment":[{"href":"https:\/\/www.vanwylick.de\/en\/wp-json\/wp\/v2\/media?parent=2236"}],"wp:term":[{"taxonomy":"category","embeddable":true,"href":"https:\/\/www.vanwylick.de\/en\/wp-json\/wp\/v2\/categories?post=2236"},{"taxonomy":"post_tag","embeddable":true,"href":"https:\/\/www.vanwylick.de\/en\/wp-json\/wp\/v2\/tags?post=2236"}],"curies":[{"name":"wp","href":"https:\/\/api.w.org\/{rel}","templated":true}]}}