{"id":4157,"date":"2026-01-08T09:36:16","date_gmt":"2026-01-08T08:36:16","guid":{"rendered":"https:\/\/www.vanwylick.de\/?p=4157"},"modified":"2026-01-08T09:36:16","modified_gmt":"2026-01-08T08:36:16","slug":"umfirmierung-der-vanwylick-frischeplattform-west-gmbh","status":"publish","type":"post","link":"https:\/\/www.vanwylick.de\/de\/umfirmierung-der-vanwylick-frischeplattform-west-gmbh\/","title":{"rendered":"Umfirmierung der vanWylick Frischeplattform West GmbH"},"content":{"rendered":"<p>Wir freuen uns, Ihnen mitteilen zu k\u00f6nnen, dass wir im Rahmen unserer Expansion einen weiteren Standort in S\u00fcddeutschland er\u00f6ffnen werden.<\/p>\n<p>In diesem Zusammenhang nehmen wir eine Anpassung des Firmennamens vor, um unsere bundesweite Pr\u00e4senz auch im Unternehmensnamen widerzuspiegeln.<\/p>\n<p>Ab dem 01.01.2026 wird unsere Gesellschaft unter dem Namen \u201evanWylick Frischeplattform GmbH\u201c firmieren \u2013 der Zusatz \u201eWest\u201c entf\u00e4llt somit.<\/p>\n","protected":false},"excerpt":{"rendered":"<p>Wir freuen uns, Ihnen mitteilen zu k\u00f6nnen, dass wir im Rahmen unserer Expansion einen weiteren Standort in S\u00fcddeutschland er\u00f6ffnen werden. In diesem Zusammenhang nehmen wir eine Anpassung des Firmennamens vor, um unsere bundesweite Pr\u00e4senz auch im Unternehmensnamen widerzuspiegeln. Ab dem 01.01.2026 wird unsere Gesellschaft unter dem Namen \u201evanWylick Frischeplattform GmbH\u201c firmieren \u2013 der Zusatz \u201eWest\u201c [&hellip;]<\/p>\n","protected":false},"author":5,"featured_media":0,"comment_status":"closed","ping_status":"closed","sticky":false,"template":"","format":"standard","meta":{"_seopress_robots_primary_cat":"none","_seopress_titles_title":"","_seopress_titles_desc":"","_seopress_robots_index":"","footnotes":""},"categories":[9],"tags":[],"class_list":["post-4157","post","type-post","status-publish","format-standard","hentry","category-presseinformation"],"_links":{"self":[{"href":"https:\/\/www.vanwylick.de\/de\/wp-json\/wp\/v2\/posts\/4157","targetHints":{"allow":["GET"]}}],"collection":[{"href":"https:\/\/www.vanwylick.de\/de\/wp-json\/wp\/v2\/posts"}],"about":[{"href":"https:\/\/www.vanwylick.de\/de\/wp-json\/wp\/v2\/types\/post"}],"author":[{"embeddable":true,"href":"https:\/\/www.vanwylick.de\/de\/wp-json\/wp\/v2\/users\/5"}],"replies":[{"embeddable":true,"href":"https:\/\/www.vanwylick.de\/de\/wp-json\/wp\/v2\/comments?post=4157"}],"version-history":[{"count":1,"href":"https:\/\/www.vanwylick.de\/de\/wp-json\/wp\/v2\/posts\/4157\/revisions"}],"predecessor-version":[{"id":4160,"href":"https:\/\/www.vanwylick.de\/de\/wp-json\/wp\/v2\/posts\/4157\/revisions\/4160"}],"wp:attachment":[{"href":"https:\/\/www.vanwylick.de\/de\/wp-json\/wp\/v2\/media?parent=4157"}],"wp:term":[{"taxonomy":"category","embeddable":true,"href":"https:\/\/www.vanwylick.de\/de\/wp-json\/wp\/v2\/categories?post=4157"},{"taxonomy":"post_tag","embeddable":true,"href":"https:\/\/www.vanwylick.de\/de\/wp-json\/wp\/v2\/tags?post=4157"}],"curies":[{"name":"wp","href":"https:\/\/api.w.org\/{rel}","templated":true}]}}