{"id":4068,"date":"2025-01-27T13:00:52","date_gmt":"2025-01-27T12:00:52","guid":{"rendered":"https:\/\/p-gccz55.project.space\/?p=4068"},"modified":"2025-01-27T13:01:07","modified_gmt":"2025-01-27T12:01:07","slug":"vanwylick-frischeplattform-setzt-expansionskurs-fort","status":"publish","type":"post","link":"https:\/\/www.vanwylick.de\/de\/vanwylick-frischeplattform-setzt-expansionskurs-fort\/","title":{"rendered":"vanWylick Frischeplattform setzt Expansionskurs fort"},"content":{"rendered":"<p>Die <strong>vanWylick Frischeplattform <\/strong>(Frischeplattform) kann ihren Expansionskurs erfolgreich fortsetzen. Im Rahmen der Ausschreibung von ALDI S\u00dcD f\u00fcr das Gebiet Bayern hat die Frischeplattform den Zuschlag erhalten und wird k\u00fcnftig exklusiv 6 Regionalgesellschaften im s\u00fcddeutschen Raum mit dem kompletten Obst- und Gem\u00fcse-Sortiment beliefern. Zu den Aufgaben der Frischeplattform geh\u00f6ren die Disposition, das Qualit\u00e4tsmanagement, Sortier- und Verpackungs-Services sowie die Distribution der Waren.<\/p>\n<p>ALDI S\u00dcD optimiert kontinuierlich seine O+G Supply Chain, um die Qualit\u00e4t frischer Produkte weiter zu steigern. Mit der Einf\u00fchrung des Frischeplattform-Konzepts erfolgt eine starke Konsolidierung und Beschleunigung der Warenstr\u00f6me, die eine noch effizientere und frischere Versorgung erm\u00f6glicht. Bastian Haupts, Gesch\u00e4ftsf\u00fchrer der Frischeplattform, kommentiert: \u201eWir freuen uns sehr, dass wir uns mit unserer ersten Frischplattform in K\u00f6ln sowie unserem Konzept f\u00fcr Bayern so erfolgreich positionieren konnten. Unser gesamtes Team wei\u00df es zu sch\u00e4tzen, ALDI bei der Weiterentwicklung und Optimierung seines Frische-Sortiments als Partner begleiten zu d\u00fcrfen.\u201c<\/p>\n<p>Das Projekt nimmt ab Februar 2025 konkrete Formen an, mit dem Neubau einer ca. 17.500 Quadratmeter gro\u00dfen, voll klimatisierten Logistikhalle im Raum N\u00fcrnberg. Projektentwickler ist DFI Real Estate aus D\u00fcsseldorf, ein Unternehmen, das sich auf den innovativen und nachhaltigen Bau von B\u00fcro-, Industrie- und Logistikgeb\u00e4uden spezialisiert hat. Andreas Sch\u00e4fer, Co-Gesch\u00e4ftsf\u00fchrer der Frischeplattform, sagt: \u201eDieses Projekt ist f\u00fcr alle Beteiligten ein spannender Schritt nach vorn. Wir freuen uns, mit DFI einen modernen, erfahrenen Partner an unserer Seite zu wissen.\u201c<\/p>\n<p>Der Start des operativen Betriebs der neuen Logistikhalle ist f\u00fcr Anfang 2026 geplant. Es werden circa 150 Mitarbeiter*innen besch\u00e4ftigt und das t\u00e4gliche Volumen wird durchschnittlich bei 70-80 Sattelschleppern liegen.<\/p>\n","protected":false},"excerpt":{"rendered":"<p>Die vanWylick Frischeplattform (Frischeplattform) kann ihren Expansionskurs erfolgreich fortsetzen. Im Rahmen der Ausschreibung von ALDI S\u00dcD f\u00fcr das Gebiet Bayern hat die Frischeplattform den Zuschlag erhalten und wird k\u00fcnftig exklusiv 6 Regionalgesellschaften im s\u00fcddeutschen Raum mit dem kompletten Obst- und Gem\u00fcse-Sortiment beliefern. Zu den Aufgaben der Frischeplattform geh\u00f6ren die Disposition, das Qualit\u00e4tsmanagement, Sortier- und Verpackungs-Services [&hellip;]<\/p>\n","protected":false},"author":5,"featured_media":0,"comment_status":"open","ping_status":"open","sticky":false,"template":"","format":"standard","meta":{"_seopress_robots_primary_cat":"none","_seopress_titles_title":"","_seopress_titles_desc":"","_seopress_robots_index":"","footnotes":""},"categories":[9],"tags":[],"class_list":["post-4068","post","type-post","status-publish","format-standard","hentry","category-presseinformation"],"_links":{"self":[{"href":"https:\/\/www.vanwylick.de\/de\/wp-json\/wp\/v2\/posts\/4068","targetHints":{"allow":["GET"]}}],"collection":[{"href":"https:\/\/www.vanwylick.de\/de\/wp-json\/wp\/v2\/posts"}],"about":[{"href":"https:\/\/www.vanwylick.de\/de\/wp-json\/wp\/v2\/types\/post"}],"author":[{"embeddable":true,"href":"https:\/\/www.vanwylick.de\/de\/wp-json\/wp\/v2\/users\/5"}],"replies":[{"embeddable":true,"href":"https:\/\/www.vanwylick.de\/de\/wp-json\/wp\/v2\/comments?post=4068"}],"version-history":[{"count":2,"href":"https:\/\/www.vanwylick.de\/de\/wp-json\/wp\/v2\/posts\/4068\/revisions"}],"predecessor-version":[{"id":4072,"href":"https:\/\/www.vanwylick.de\/de\/wp-json\/wp\/v2\/posts\/4068\/revisions\/4072"}],"wp:attachment":[{"href":"https:\/\/www.vanwylick.de\/de\/wp-json\/wp\/v2\/media?parent=4068"}],"wp:term":[{"taxonomy":"category","embeddable":true,"href":"https:\/\/www.vanwylick.de\/de\/wp-json\/wp\/v2\/categories?post=4068"},{"taxonomy":"post_tag","embeddable":true,"href":"https:\/\/www.vanwylick.de\/de\/wp-json\/wp\/v2\/tags?post=4068"}],"curies":[{"name":"wp","href":"https:\/\/api.w.org\/{rel}","templated":true}]}}