{"id":3801,"date":"2024-03-05T12:05:32","date_gmt":"2024-03-05T11:05:32","guid":{"rendered":"https:\/\/p-gccz55.project.space\/?p=3801"},"modified":"2024-03-07T12:13:12","modified_gmt":"2024-03-07T11:13:12","slug":"eroeffnung-der-vanwylick-frischeplattform-west-gmbh","status":"publish","type":"post","link":"https:\/\/www.vanwylick.de\/de\/eroeffnung-der-vanwylick-frischeplattform-west-gmbh\/","title":{"rendered":"Er\u00f6ffnung der vanWylick Frischeplattform West GmbH"},"content":{"rendered":"<p>Am 01. Mai 2023 hat die neu gegr\u00fcndete <strong>vanWylick Frischplattform West GmbH (Frischeplattform)<\/strong> mit Sitz in K\u00f6ln Niehl ihren operativen Betrieb gestartet. Hierzu hat die Frischeplattform die modernen K\u00fchl- und Logistikhallen der ehemaligen Niederlassung K\u00f6ln \u00fcbernommen. Die selbst\u00e4ndige Gesch\u00e4ftseinheit arbeitet exklusiv f\u00fcr ALDI S\u00fcd und managt die Supply-Chain des gesamten O+G-Sortiments bis zur Anlieferung an die Regionalgesellschaften. Zus\u00e4tzlich werden Qualit\u00e4t, Sortier- und Verpackungs-Services durch die Frischeplattform bereit gestellt.<\/p>\n<p>Das in jeder Hinsicht herausfordernde Transformations-Projekt ist von einem Team um die jetzigen Gesch\u00e4ftsf\u00fchrer Bastian Haupts und Andreas Sch\u00e4fer optimal vorbereitet und umgesetzt worden. Bastian Haupts sagt: \u201eWir danken allen die an dem Projekt direkt und indirekt mitgewirkt haben und es zu einem Erfolg gemacht haben. Wir freuen uns, dass wir Teil dieses Projektes sind und dazu beitragen, dass ALDI durch die weitere Konsolidierung und Verk\u00fcrzung der Supply-Chain die Frische und Qualit\u00e4t im Regal f\u00fcr seine Kunden kontinuierlich verbessern kann!\u201c<\/p>\n<p>Der Start der Frischeplattform ist ein weiterer Schritt der vanWylick-Strategie sich von einem Gro\u00dfh\u00e4ndler zu einem f\u00fchrenden Reifer und Service-Provider f\u00fcr den deutschen LEH zu entwickeln!<\/p>\n","protected":false},"excerpt":{"rendered":"<p>Am 01. Mai 2023 hat die neu gegr\u00fcndete vanWylick Frischplattform West GmbH (Frischeplattform) mit Sitz in K\u00f6ln Niehl ihren operativen Betrieb gestartet. Hierzu hat die Frischeplattform die modernen K\u00fchl- und Logistikhallen der ehemaligen Niederlassung K\u00f6ln \u00fcbernommen. Die selbst\u00e4ndige Gesch\u00e4ftseinheit arbeitet exklusiv f\u00fcr ALDI S\u00fcd und managt die Supply-Chain des gesamten O+G-Sortiments bis zur Anlieferung an [&hellip;]<\/p>\n","protected":false},"author":5,"featured_media":0,"comment_status":"open","ping_status":"open","sticky":false,"template":"","format":"standard","meta":{"_seopress_robots_primary_cat":"none","_seopress_titles_title":"","_seopress_titles_desc":"","_seopress_robots_index":"","footnotes":""},"categories":[1],"tags":[],"class_list":["post-3801","post","type-post","status-publish","format-standard","hentry","category-allgemein"],"_links":{"self":[{"href":"https:\/\/www.vanwylick.de\/de\/wp-json\/wp\/v2\/posts\/3801","targetHints":{"allow":["GET"]}}],"collection":[{"href":"https:\/\/www.vanwylick.de\/de\/wp-json\/wp\/v2\/posts"}],"about":[{"href":"https:\/\/www.vanwylick.de\/de\/wp-json\/wp\/v2\/types\/post"}],"author":[{"embeddable":true,"href":"https:\/\/www.vanwylick.de\/de\/wp-json\/wp\/v2\/users\/5"}],"replies":[{"embeddable":true,"href":"https:\/\/www.vanwylick.de\/de\/wp-json\/wp\/v2\/comments?post=3801"}],"version-history":[{"count":3,"href":"https:\/\/www.vanwylick.de\/de\/wp-json\/wp\/v2\/posts\/3801\/revisions"}],"predecessor-version":[{"id":3811,"href":"https:\/\/www.vanwylick.de\/de\/wp-json\/wp\/v2\/posts\/3801\/revisions\/3811"}],"wp:attachment":[{"href":"https:\/\/www.vanwylick.de\/de\/wp-json\/wp\/v2\/media?parent=3801"}],"wp:term":[{"taxonomy":"category","embeddable":true,"href":"https:\/\/www.vanwylick.de\/de\/wp-json\/wp\/v2\/categories?post=3801"},{"taxonomy":"post_tag","embeddable":true,"href":"https:\/\/www.vanwylick.de\/de\/wp-json\/wp\/v2\/tags?post=3801"}],"curies":[{"name":"wp","href":"https:\/\/api.w.org\/{rel}","templated":true}]}}