{"id":3767,"date":"2024-01-15T09:56:05","date_gmt":"2024-01-15T08:56:05","guid":{"rendered":"https:\/\/p-gccz55.project.space\/?p=3767"},"modified":"2024-01-15T09:56:05","modified_gmt":"2024-01-15T08:56:05","slug":"aufschaltung-der-solaranlage-in-muenchen-staerkt-die-energieautarkie","status":"publish","type":"post","link":"https:\/\/www.vanwylick.de\/de\/aufschaltung-der-solaranlage-in-muenchen-staerkt-die-energieautarkie\/","title":{"rendered":"Aufschaltung der Solaranlage in M\u00fcnchen st\u00e4rkt die Energieautarkie"},"content":{"rendered":"<p>Fruchtimport vanWylick ist stolz darauf, zum Jahreswechsel die Inbetriebnahme einer Solaranlage am Standort M\u00fcnchen bekannt geben zu k\u00f6nnen. Mit dieser Erweiterung schafft das Unternehmen einen wichtigen Schritt in Richtung Nachhaltigkeit und unterstreicht sein Engagement f\u00fcr die Nutzung sauberer Energiequellen und die Reduzierung seines \u00f6kologischen Fu\u00dfabdrucks.<\/p>\n<p>Die Solaranlage auf dem Dach der Niederlassung M\u00fcnchen verf\u00fcgt \u00fcber eine Nennleistung von 416 kWp (Kilowatt-Peak), die zu erwartende j\u00e4hrliche Energieproduktion wird auf ca. 440.000 kWh gesch\u00e4tzt. Durch den selbst erzeugten Strom aus Photovoltaik k\u00f6nnen so, ausgehend von Angaben des Umweltbundesamtes, ca. 300 Tonnen CO<sub>2<\/sub> pro Jahr vermieden werden. Mit Hilfe der neuen Anlage wird der unternehmensweite Versorgungsgrad durch Solarenergie von vormals 9% auf voraussichtlich 13% ansteigen. Der durch Photovoltaik erzeugte Strom liefert einen erheblichen Teil der zur K\u00fchlung und Lagerung von Obst und Gem\u00fcse sowie zur Reifung von Bananen ben\u00f6tigten Energie.<\/p>\n<p>Mit der Aufschaltung neuer Solarfl\u00e4chen verfolgt vanWylick die Absicht, m\u00f6glichst klimaneutral und nachhaltig zu arbeiten, wie es bereits an anderen Distributions- und Reifestandorten in Deutschland der Fall ist. Durch die Investition in erneuerbare Energien will Fruchtimport vanWylick seine Position als f\u00fchrendes und nachhaltig handelndes Unternehmen im Obst- und Gem\u00fcsesektor festigen.<\/p>\n","protected":false},"excerpt":{"rendered":"<p>Fruchtimport vanWylick ist stolz darauf, zum Jahreswechsel die Inbetriebnahme einer Solaranlage am Standort M\u00fcnchen bekannt geben zu k\u00f6nnen. Mit dieser Erweiterung schafft das Unternehmen einen wichtigen Schritt in Richtung Nachhaltigkeit und unterstreicht sein Engagement f\u00fcr die Nutzung sauberer Energiequellen und die Reduzierung seines \u00f6kologischen Fu\u00dfabdrucks. Die Solaranlage auf dem Dach der Niederlassung M\u00fcnchen verf\u00fcgt \u00fcber [&hellip;]<\/p>\n","protected":false},"author":5,"featured_media":0,"comment_status":"open","ping_status":"open","sticky":false,"template":"","format":"standard","meta":{"_seopress_robots_primary_cat":"none","_seopress_titles_title":"","_seopress_titles_desc":"","_seopress_robots_index":"","footnotes":""},"categories":[9],"tags":[],"class_list":["post-3767","post","type-post","status-publish","format-standard","hentry","category-presseinformation"],"_links":{"self":[{"href":"https:\/\/www.vanwylick.de\/de\/wp-json\/wp\/v2\/posts\/3767","targetHints":{"allow":["GET"]}}],"collection":[{"href":"https:\/\/www.vanwylick.de\/de\/wp-json\/wp\/v2\/posts"}],"about":[{"href":"https:\/\/www.vanwylick.de\/de\/wp-json\/wp\/v2\/types\/post"}],"author":[{"embeddable":true,"href":"https:\/\/www.vanwylick.de\/de\/wp-json\/wp\/v2\/users\/5"}],"replies":[{"embeddable":true,"href":"https:\/\/www.vanwylick.de\/de\/wp-json\/wp\/v2\/comments?post=3767"}],"version-history":[{"count":1,"href":"https:\/\/www.vanwylick.de\/de\/wp-json\/wp\/v2\/posts\/3767\/revisions"}],"predecessor-version":[{"id":3770,"href":"https:\/\/www.vanwylick.de\/de\/wp-json\/wp\/v2\/posts\/3767\/revisions\/3770"}],"wp:attachment":[{"href":"https:\/\/www.vanwylick.de\/de\/wp-json\/wp\/v2\/media?parent=3767"}],"wp:term":[{"taxonomy":"category","embeddable":true,"href":"https:\/\/www.vanwylick.de\/de\/wp-json\/wp\/v2\/categories?post=3767"},{"taxonomy":"post_tag","embeddable":true,"href":"https:\/\/www.vanwylick.de\/de\/wp-json\/wp\/v2\/tags?post=3767"}],"curies":[{"name":"wp","href":"https:\/\/api.w.org\/{rel}","templated":true}]}}