{"id":3310,"date":"2023-02-09T09:35:30","date_gmt":"2023-02-09T08:35:30","guid":{"rendered":"https:\/\/p-gccz55.project.space\/?p=3310"},"modified":"2023-02-09T09:53:39","modified_gmt":"2023-02-09T08:53:39","slug":"hilfe-fuer-erdbebenopfer-in-der-tuerkei-und-syrien","status":"publish","type":"post","link":"https:\/\/www.vanwylick.de\/de\/hilfe-fuer-erdbebenopfer-in-der-tuerkei-und-syrien\/","title":{"rendered":"Hilfe f\u00fcr Erdbebenopfer in der T\u00fcrkei und Syrien"},"content":{"rendered":"<p>Die Nachricht und die Bilder der Verw\u00fcstung, die das schwere Erdbeben seit dem 6. Februar in gro\u00dfen Teilen der T\u00fcrkei und Syriens angerichtet hat, sind schockierend.<\/p>\n<p>Das so viele Verletzte und Todesopfer zu beklagen sind, bewegt die gesamte vanWylick Gruppe! Insbesondere auch weil viele Kollegen*innen betroffen sind die Familie, Verwandte und Bekannte in den Gebieten haben. Ihnen allen gilt unser Mitgef\u00fchl in dieser Zeit. Bewegend ist aber auch zu erleben, wie viele Organisationen und Menschen l\u00e4nder- und kultur\u00fcbergreifend spontan direkt oder indirekt helfen.<\/p>\n<p>Als ein Zeichen der Anteilnahme und um den Menschen vor Ort schnell zu helfen, hat die Fruchtimport vanWylick GmbH EURO 10.000 an die ARD-Spenden-Aktion \u201eHilfe f\u00fcr Menschen in der T\u00fcrkei und in Syrien\u201c gespendet.<\/p>\n","protected":false},"excerpt":{"rendered":"<p>Die Nachricht und die Bilder der Verw\u00fcstung, die das schwere Erdbeben seit dem 6. Februar in gro\u00dfen Teilen der T\u00fcrkei und Syriens angerichtet hat, sind schockierend. Das so viele Verletzte und Todesopfer zu beklagen sind, bewegt die gesamte vanWylick Gruppe! Insbesondere auch weil viele Kollegen*innen betroffen sind die Familie, Verwandte und Bekannte in den Gebieten [&hellip;]<\/p>\n","protected":false},"author":5,"featured_media":0,"comment_status":"open","ping_status":"open","sticky":false,"template":"","format":"standard","meta":{"_seopress_robots_primary_cat":"none","_seopress_titles_title":"","_seopress_titles_desc":"","_seopress_robots_index":"","footnotes":""},"categories":[9],"tags":[],"class_list":["post-3310","post","type-post","status-publish","format-standard","hentry","category-presseinformation"],"_links":{"self":[{"href":"https:\/\/www.vanwylick.de\/de\/wp-json\/wp\/v2\/posts\/3310","targetHints":{"allow":["GET"]}}],"collection":[{"href":"https:\/\/www.vanwylick.de\/de\/wp-json\/wp\/v2\/posts"}],"about":[{"href":"https:\/\/www.vanwylick.de\/de\/wp-json\/wp\/v2\/types\/post"}],"author":[{"embeddable":true,"href":"https:\/\/www.vanwylick.de\/de\/wp-json\/wp\/v2\/users\/5"}],"replies":[{"embeddable":true,"href":"https:\/\/www.vanwylick.de\/de\/wp-json\/wp\/v2\/comments?post=3310"}],"version-history":[{"count":2,"href":"https:\/\/www.vanwylick.de\/de\/wp-json\/wp\/v2\/posts\/3310\/revisions"}],"predecessor-version":[{"id":3315,"href":"https:\/\/www.vanwylick.de\/de\/wp-json\/wp\/v2\/posts\/3310\/revisions\/3315"}],"wp:attachment":[{"href":"https:\/\/www.vanwylick.de\/de\/wp-json\/wp\/v2\/media?parent=3310"}],"wp:term":[{"taxonomy":"category","embeddable":true,"href":"https:\/\/www.vanwylick.de\/de\/wp-json\/wp\/v2\/categories?post=3310"},{"taxonomy":"post_tag","embeddable":true,"href":"https:\/\/www.vanwylick.de\/de\/wp-json\/wp\/v2\/tags?post=3310"}],"curies":[{"name":"wp","href":"https:\/\/api.w.org\/{rel}","templated":true}]}}