{"id":2267,"date":"2020-03-12T10:17:55","date_gmt":"2020-03-12T09:17:55","guid":{"rendered":"https:\/\/p-gccz55.project.space\/?p=2267"},"modified":"2021-06-23T10:20:10","modified_gmt":"2021-06-23T08:20:10","slug":"fyffes-erweitert-sein-angebot-in-deutschland-und-erhoeht-die-anteile-an-vanwylick","status":"publish","type":"post","link":"https:\/\/www.vanwylick.de\/de\/fyffes-erweitert-sein-angebot-in-deutschland-und-erhoeht-die-anteile-an-vanwylick\/","title":{"rendered":"Fyffes erweitert sein Angebot in Deutschland und erh\u00f6ht die Anteile an vanWylick"},"content":{"rendered":"<p class=\"lead\">Die Partnerschaft zwischen Fyffes und Fruchtimport vanWylick (vanWylick) geht auf das Jahr 2011 zur\u00fcck, als Fyffes ein Drittel des Gesch\u00e4fts \u00fcbernahm. Seitdem hat man erfolgreich mit den Co-Gesellschaftern von vanWylick, Capespan und Gem\u00fcsering zusammengearbeitet. Gemeinsam ist man jetzt zu der Entscheidung gekommen seine vanWylick-Beteiligung an Fyffes zu verkaufen. Fyffes und vanWylick freuen sich darauf, weiterhin mit Capespan und Gem\u00fcsering partnerschaftlich zusammenzuarbeiten. Damit wird Fyffes nun 74% des Gesch\u00e4fts besitzen und 26% werden von der Familie Allerding gehalten. \u00a0Dieser Kauf st\u00e4rkt die Beziehung zwischen Fyffes und vanWylick und erm\u00f6glicht es Fyffes, seinen Kunden bessere Dienstleistungen zu bieten.<\/p>\n<p>vanWylick erl\u00f6st mit 300 Mitarbeitern einem Umsatz von 272 Millionen Euro. Es werden j\u00e4hrlich mehr als 300.000 Tonnen frisches Obst und Gem\u00fcse gehandelt und veredelt, darunter \u00fcber acht Millionen Kisten Bananen. vanWylick verf\u00fcgt \u00fcber ein nationales Angebot mit acht Reifedepots, einschlie\u00dflich einer k\u00fcrzlich erfolgten Akquisition in Stuttgart, und h\u00e4lt sich an die h\u00f6chsten Standards in Bezug auf Qualit\u00e4t, Effizienz und Nachhaltigkeit. Das Unternehmen hat in hocheffiziente und moderne Anlagen und Technologien investiert und in den letzten vier Jahren neue Standorte in K\u00f6ln und M\u00fcnchen errichtet.<\/p>\n<p>vanWylick bleibt ein unabh\u00e4ngiger Betrieb und Fyffes freut sich, mit den Gesch\u00e4ftsf\u00fchrern Dirk und Jens Allerding zusammenzuarbeiten, die weiterhin die F\u00fchrung des Unternehmens verantworten werden.<\/p>\n<p>Die Transaktion unterliegt der Genehmigung durch die Wettbewerbsbeh\u00f6rde der Europ\u00e4ischen Kommission, DG Competition.<\/p>\n<p>***<\/p>\n<p><strong>\u00dcber Fyffes<\/strong><\/p>\n<p>Fyffes Limited ist ein f\u00fchrender internationaler Importeur und Distributeur von hochwertigem tropischem Obst sowie Pilzen mit Hauptsitz in Dublin, Irland. Fyffes wurde vor \u00fcber 130 Jahren gegr\u00fcndet und ist die \u00e4lteste Obstmarke der Welt. Fyffes unterh\u00e4lt Handels-, Produktions- und Exportaktivit\u00e4ten in Europa, Nord-, Mittel- und S\u00fcdamerika mit lange w\u00e4hrenden Beziehungen zu Erzeugergemeinschaften in Mittel- und S\u00fcdamerika. Die Hauptaktivit\u00e4ten des Unternehmens umfassen Produktion, Beschaffung, Versand, Reifung, Vertrieb und Vermarktung von Bananen, Ananas, Melonen und Pilzen. Das Bekenntnis zu den Grunds\u00e4tzen der Unternehmensverantwortung steht im Mittelpunkt der Marke Fyffes, die mit zahlreichen internationalen Zertifizierungen f\u00fcr Best Practices in sozialen, \u00f6kologischen und allgemeinen Nachhaltigkeitsfragen ausgezeichnet wurde. Fyffes ist der Importeur mit der weltweit h\u00f6chsten Anzahl an globalen G.A.P. zertifizierten Produktionspartnern. Fyffes ist seit 2017 eine Tochtergesellschaft der Sumitomo Corporation. (<a href=\"http:\/\/www.fyffes.com\">www.fyffes.com<\/a>)<\/p>\n","protected":false},"excerpt":{"rendered":"<p>Die Partnerschaft zwischen Fyffes und Fruchtimport vanWylick (vanWylick) geht auf das Jahr 2011 zur\u00fcck, als Fyffes ein Drittel des Gesch\u00e4fts \u00fcbernahm. Seitdem hat man erfolgreich mit den Co-Gesellschaftern von vanWylick, Capespan und Gem\u00fcsering zusammengearbeitet. Gemeinsam ist man jetzt zu der Entscheidung gekommen seine vanWylick-Beteiligung an Fyffes zu verkaufen. Fyffes und vanWylick freuen sich darauf, weiterhin [&hellip;]<\/p>\n","protected":false},"author":5,"featured_media":0,"comment_status":"open","ping_status":"open","sticky":false,"template":"","format":"standard","meta":{"_seopress_robots_primary_cat":"none","_seopress_titles_title":"","_seopress_titles_desc":"","_seopress_robots_index":"","footnotes":""},"categories":[9],"tags":[],"class_list":["post-2267","post","type-post","status-publish","format-standard","hentry","category-presseinformation"],"_links":{"self":[{"href":"https:\/\/www.vanwylick.de\/de\/wp-json\/wp\/v2\/posts\/2267","targetHints":{"allow":["GET"]}}],"collection":[{"href":"https:\/\/www.vanwylick.de\/de\/wp-json\/wp\/v2\/posts"}],"about":[{"href":"https:\/\/www.vanwylick.de\/de\/wp-json\/wp\/v2\/types\/post"}],"author":[{"embeddable":true,"href":"https:\/\/www.vanwylick.de\/de\/wp-json\/wp\/v2\/users\/5"}],"replies":[{"embeddable":true,"href":"https:\/\/www.vanwylick.de\/de\/wp-json\/wp\/v2\/comments?post=2267"}],"version-history":[{"count":1,"href":"https:\/\/www.vanwylick.de\/de\/wp-json\/wp\/v2\/posts\/2267\/revisions"}],"predecessor-version":[{"id":2269,"href":"https:\/\/www.vanwylick.de\/de\/wp-json\/wp\/v2\/posts\/2267\/revisions\/2269"}],"wp:attachment":[{"href":"https:\/\/www.vanwylick.de\/de\/wp-json\/wp\/v2\/media?parent=2267"}],"wp:term":[{"taxonomy":"category","embeddable":true,"href":"https:\/\/www.vanwylick.de\/de\/wp-json\/wp\/v2\/categories?post=2267"},{"taxonomy":"post_tag","embeddable":true,"href":"https:\/\/www.vanwylick.de\/de\/wp-json\/wp\/v2\/tags?post=2267"}],"curies":[{"name":"wp","href":"https:\/\/api.w.org\/{rel}","templated":true}]}}