{"id":2262,"date":"2019-11-19T10:11:24","date_gmt":"2019-11-19T09:11:24","guid":{"rendered":"https:\/\/p-gccz55.project.space\/?p=2262"},"modified":"2021-06-23T10:17:26","modified_gmt":"2021-06-23T08:17:26","slug":"vanwylick-uebernimmt-die-bananen-reifereien-von-der-andretta-fruchtimport-gemuesering-gruppe","status":"publish","type":"post","link":"https:\/\/www.vanwylick.de\/de\/vanwylick-uebernimmt-die-bananen-reifereien-von-der-andretta-fruchtimport-gemuesering-gruppe\/","title":{"rendered":"vanWylick \u00fcbernimmt die Bananen Reifereien von der Andretta Fruchtimport \/ Gem\u00fcsering Gruppe"},"content":{"rendered":"<p class=\"lead\">Stuttgart im November 2019. Die Fruchtimport vanWylick GmbH wird mit Wirkung vom 16. Dezember 2019 die Reifereien der Andretta Fruchtimport GmbH in Stuttgart und Pratteln, Schweiz, mit einer Gesamtkapazit\u00e4t von ca. 46.000 Karton je Woche \u00fcbernehmen.<\/p>\n<p>Mit der \u00dcbernahme der Reifereien an den strategisch gut gelegenen Standorten Stuttgart und Pratteln in der Schweiz kommt die Fruchtimport vanWylick GmbH ihrem Ziel n\u00e4her, seinen Kunden in Deutschland und dem angrenzenden Ausland die Reifung und Distribution des wichtigen und sensiblen Artikels Bananen aus einer Hand anzubieten. Mit dieser Akquisition verf\u00fcgt die vanWylick Gruppe nunmehr \u00fcber insgesamt ca. 200.000 Karton Reifekapazit\u00e4ten in Deutschland, verteilt \u00fcber die Standorte Berlin, Dresden, Dortmund, K\u00f6ln, M\u00fcnchen plus nunmehr Stuttgart und Pratteln bei Basel. Zusammen mit dem strategischen Partner Inter-Weichert kommen weitere 30.000 Karton Kapazit\u00e4t in Hamburg hinzu.<\/p>\n<p>vanWylick hat in den vergangenen Jahren konsequent in neue und nachhaltige Reife- und Distributionsstandorte in K\u00f6ln und M\u00fcnchen investiert. Ferner wurden die Reifereien in Dortmund und Dresden komplett renoviert. Da die Gem\u00fcsering Gruppe ebenfalls erheblich in die 2017 \u00fcbernommenen Anlagen investiert hat, passt das hervorragend in den modernen Marktauftritt von vanWylick. Die neuen Reifekammern in Stuttgart sind mit der \u201eSoftripe Technologie\u201c ausgestattet. Somit hat vanWylick nunmehr beide Systeme im Einsatz und erhofft sich dar\u00fcber auch Erkenntnisse f\u00fcr die bisher favorisierte und intern \u201eGentle Ripening\u201c genannte Methode. Diese weltweit eingesetzte Technologie beruht darauf, die bew\u00e4hrte Reifetechnologie kontinuierlich mit Blick auf Qualit\u00e4t, Nachhaltigkeit und Digitalisierung weiterzuentwickeln. Das Unternehmen geht davon aus, dass die Transaktion positiv auf das Ziel einzahlen wird, einer der besten Reifer von Bananen und sonstigen Fr\u00fcchten zu werden. Gerade in der Reifung von sonstigen Fr\u00fcchten wie Mangos, Avocados, Kiwis etc. sieht vanWylick auch erhebliches Marktpotential mit seinen regionalen Reifereien, die nah am Kunden sind.<\/p>\n<p>Die Fruchtimport vanWylick GmbH ist ein f\u00fchrender Importeur, Vermarkter und Dienstleister f\u00fcr Obst und Gem\u00fcse in Deutschland und dem angrenzenden Ausland. Die ca. 400 Mitarbeiter erwirtschaften ein Umsatz von 275 Mio. EURO. Es werden 8 Distributions- und Reifezentren betrieben. Hauptgesch\u00e4ftsfelder sind die Reifung von Bananen und anderen Produkten, der Import und die Vermarktung von Citrus, Trauben, Steinobst und Nischenprodukten sowie Dienstleistungen und Distribution im Obst und Gem\u00fcse-Sortiment.<\/p>\n","protected":false},"excerpt":{"rendered":"<p>Stuttgart im November 2019. Die Fruchtimport vanWylick GmbH wird mit Wirkung vom 16. Dezember 2019 die Reifereien der Andretta Fruchtimport GmbH in Stuttgart und Pratteln, Schweiz, mit einer Gesamtkapazit\u00e4t von ca. 46.000 Karton je Woche \u00fcbernehmen. Mit der \u00dcbernahme der Reifereien an den strategisch gut gelegenen Standorten Stuttgart und Pratteln in der Schweiz kommt die [&hellip;]<\/p>\n","protected":false},"author":5,"featured_media":0,"comment_status":"open","ping_status":"open","sticky":false,"template":"","format":"standard","meta":{"_seopress_robots_primary_cat":"none","_seopress_titles_title":"","_seopress_titles_desc":"","_seopress_robots_index":"","footnotes":""},"categories":[9],"tags":[],"class_list":["post-2262","post","type-post","status-publish","format-standard","hentry","category-presseinformation"],"_links":{"self":[{"href":"https:\/\/www.vanwylick.de\/de\/wp-json\/wp\/v2\/posts\/2262","targetHints":{"allow":["GET"]}}],"collection":[{"href":"https:\/\/www.vanwylick.de\/de\/wp-json\/wp\/v2\/posts"}],"about":[{"href":"https:\/\/www.vanwylick.de\/de\/wp-json\/wp\/v2\/types\/post"}],"author":[{"embeddable":true,"href":"https:\/\/www.vanwylick.de\/de\/wp-json\/wp\/v2\/users\/5"}],"replies":[{"embeddable":true,"href":"https:\/\/www.vanwylick.de\/de\/wp-json\/wp\/v2\/comments?post=2262"}],"version-history":[{"count":3,"href":"https:\/\/www.vanwylick.de\/de\/wp-json\/wp\/v2\/posts\/2262\/revisions"}],"predecessor-version":[{"id":2266,"href":"https:\/\/www.vanwylick.de\/de\/wp-json\/wp\/v2\/posts\/2262\/revisions\/2266"}],"wp:attachment":[{"href":"https:\/\/www.vanwylick.de\/de\/wp-json\/wp\/v2\/media?parent=2262"}],"wp:term":[{"taxonomy":"category","embeddable":true,"href":"https:\/\/www.vanwylick.de\/de\/wp-json\/wp\/v2\/categories?post=2262"},{"taxonomy":"post_tag","embeddable":true,"href":"https:\/\/www.vanwylick.de\/de\/wp-json\/wp\/v2\/tags?post=2262"}],"curies":[{"name":"wp","href":"https:\/\/api.w.org\/{rel}","templated":true}]}}