{"id":2239,"date":"2016-11-01T09:36:28","date_gmt":"2016-11-01T08:36:28","guid":{"rendered":"https:\/\/p-gccz55.project.space\/?p=2239"},"modified":"2021-06-16T09:54:20","modified_gmt":"2021-06-16T07:54:20","slug":"fruchtimport-vanwylick-engagiert-sich-fuer-die-integration-von-fluechtlingen-2","status":"publish","type":"post","link":"https:\/\/www.vanwylick.de\/de\/fruchtimport-vanwylick-engagiert-sich-fuer-die-integration-von-fluechtlingen-2\/","title":{"rendered":"Fruchtimport vanWylick engagiert sich f\u00fcr die Integration von Fl\u00fcchtlingen"},"content":{"rendered":"<p>Ein im Oktober 2015 zusammen mit dem Rotary Club Meerbusch-B\u00fcderich organisiertes Praktikum, hat zu einer erfolgreichen Anstellung eines syrischen Fl\u00fcchtlings gef\u00fchrt. Hiervon motiviert, haben wir einen weiteren Schritt zusammen mit der Initiative \u201eKompass D\u201c unternommen. Ziel ist es, in 2017 einem:r Teilnehmer:in dieses Programms f\u00fcr jugendliche Fl\u00fcchtlinge einen Ausbildungsplatz anbieten zu k\u00f6nnen. Dieses Vorhaben wird aktiv von unseren aktuellen Auszubildenden unterst\u00fctzt, deren Erfahrungsbericht zum ersten Praktikum mit \u201eKompass D\u201c sich anbei findet.<\/p>\n<p><a href=\"https:\/\/www.vanwylick.de\/wp-content\/uploads\/newsticker_kompassd_praktikum.pdf\">Download Erfahrungsbericht<\/a><\/p>\n","protected":false},"excerpt":{"rendered":"<p>Ein im Oktober 2015 zusammen mit dem Rotary Club Meerbusch-B\u00fcderich organisiertes Praktikum, hat zu einer erfolgreichen Anstellung eines syrischen Fl\u00fcchtlings gef\u00fchrt. Hiervon motiviert, haben wir einen weiteren Schritt zusammen mit der Initiative \u201eKompass D\u201c unternommen. Ziel ist es, in 2017 einem:r Teilnehmer:in dieses Programms f\u00fcr jugendliche Fl\u00fcchtlinge einen Ausbildungsplatz anbieten zu k\u00f6nnen. Dieses Vorhaben wird [&hellip;]<\/p>\n","protected":false},"author":1,"featured_media":0,"comment_status":"open","ping_status":"open","sticky":false,"template":"","format":"standard","meta":{"_seopress_robots_primary_cat":"none","_seopress_titles_title":"","_seopress_titles_desc":"","_seopress_robots_index":"","footnotes":""},"categories":[9],"tags":[],"class_list":["post-2239","post","type-post","status-publish","format-standard","hentry","category-presseinformation"],"_links":{"self":[{"href":"https:\/\/www.vanwylick.de\/de\/wp-json\/wp\/v2\/posts\/2239","targetHints":{"allow":["GET"]}}],"collection":[{"href":"https:\/\/www.vanwylick.de\/de\/wp-json\/wp\/v2\/posts"}],"about":[{"href":"https:\/\/www.vanwylick.de\/de\/wp-json\/wp\/v2\/types\/post"}],"author":[{"embeddable":true,"href":"https:\/\/www.vanwylick.de\/de\/wp-json\/wp\/v2\/users\/1"}],"replies":[{"embeddable":true,"href":"https:\/\/www.vanwylick.de\/de\/wp-json\/wp\/v2\/comments?post=2239"}],"version-history":[{"count":1,"href":"https:\/\/www.vanwylick.de\/de\/wp-json\/wp\/v2\/posts\/2239\/revisions"}],"predecessor-version":[{"id":2241,"href":"https:\/\/www.vanwylick.de\/de\/wp-json\/wp\/v2\/posts\/2239\/revisions\/2241"}],"wp:attachment":[{"href":"https:\/\/www.vanwylick.de\/de\/wp-json\/wp\/v2\/media?parent=2239"}],"wp:term":[{"taxonomy":"category","embeddable":true,"href":"https:\/\/www.vanwylick.de\/de\/wp-json\/wp\/v2\/categories?post=2239"},{"taxonomy":"post_tag","embeddable":true,"href":"https:\/\/www.vanwylick.de\/de\/wp-json\/wp\/v2\/tags?post=2239"}],"curies":[{"name":"wp","href":"https:\/\/api.w.org\/{rel}","templated":true}]}}