{"id":2232,"date":"2016-11-05T09:30:24","date_gmt":"2016-11-05T08:30:24","guid":{"rendered":"https:\/\/p-gccz55.project.space\/?p=2232"},"modified":"2021-06-16T09:31:17","modified_gmt":"2021-06-16T07:31:17","slug":"fruchtimport-vanwylick-eroeffnet-neues-reife-und-distribitionszentrum-in-olching-bei-muenchen-2","status":"publish","type":"post","link":"https:\/\/www.vanwylick.de\/de\/fruchtimport-vanwylick-eroeffnet-neues-reife-und-distribitionszentrum-in-olching-bei-muenchen-2\/","title":{"rendered":"Fruchtimport vanWylick er\u00f6ffnet neues Reife- und Distribitionszentrum in Olching bei M\u00fcnchen"},"content":{"rendered":"<p class=\"lead\">M\u00fcnchen. Die Fruchtimport vanWylick GmbH hat am 05.11.2016 im Rahmen eines \u201eTags der offenen T\u00fcr\u201c f\u00fcr die Mitarbeiter:innen und deren Familien die neue Niederlassung in Olching bei M\u00fcnchen feierlich er\u00f6ffnet.<\/p>\n<p>Das Reife- und Distributionszentrum mit einer Nutz- und Kommissionier-Fl\u00e4che von ca. 7.000qmliegt ist logistisch g\u00fcnstig an der A8 in dem Gewerbegebiet Olching bei M\u00fcnchen gelegen. Im Zentrum steht die Bananen-Reifeanlage mit einer Kapazit\u00e4t von \u00fcber 27.000 Karton je Woche. Die Anlage ist gemeinsam mit dem Partner Fyffes geplant und installiert worden. Die Technik wird weltweit eingesetzt und beruht auf einer sehr schonenden Reifung, die zum Beispiel das Shelf-Life und die Qualit\u00e4t der Fr\u00fcchte verbessert. Ebenfalls stehen spezielle Reifekammern f\u00fcr das wachsende Segment der Exoten-Reifung zur Verf\u00fcgung.<\/p>\n<p>Das Geb\u00e4ude ist nach den neusten energetischen Standards mit einer gro\u00dffl\u00e4chigen Photovoltaikanlage auf dem gesamten Dach errichtet worden. Die Halle ist komplett klimatisiert und die Produkte werden in unterschiedlichen Klimazonen gelagert, verpackt und kommissioniert. Ferner stehen vier individuelle K\u00fchlr\u00e4ume mit Hochregallagern, Luftbefeuchtern und Ethylenabsorbern mit einer Kapazit\u00e4t f\u00fcr 1.000 Euro-Paletten zur Verf\u00fcgung.<\/p>\n<p>Der Gesch\u00e4ftsf\u00fchrer Handel, Jens Allerding sagt: \u201eWir freuen uns mit dem neuen Standort die Anspr\u00fcche unserer Kund:innen was Qualit\u00e4t, Effizienz und Nachhaltigkeit betrifft optimal erf\u00fcllen zu k\u00f6nnen. Dies ist der erste Schritt im Rahmen unserer Initiative alle Distributions- und Reifezentren nach den neuesten Standards zu optimieren!\u201c Der Regionsleiter Franz D\u00e4ubler freut sich: \u201eWir konnten unseren Projektplan dank der guten Zusammenarbeit mit den am Bau beteiligten Partner:innen fristgerecht umsetzen. Besonderer Dank gilt unseren Mitarbeiter:innen, die bei dem Projekt voll mitgezogen haben. Es freut mich auch, dass quasi das gesamte Team mit umgezogen ist und die Arbeit in der neuen, modernen Atmosph\u00e4re sichtlich genie\u00dft!\u201c<\/p>\n<p>Die Fruchtimport vanWylick GmbH ist ein f\u00fchrender Importeur; Vermarkter und Dienstleister f\u00fcr Obst und Gem\u00fcse in Deutschland und dem angrenzenden Ausland. Die ca. 400 Mitarbeiter:innen erwirtschaften ein Umsatz von 275 Mio. EURO. Es werden 8 Distributions- und Reifezentren betrieben. Hauptgesch\u00e4ftsfelder sind die Reifung von Bananen und anderen Produkten, der Import und die Vermarktung von Citrus, Trauben, Steinobst und Nischenprodukten sowie Dienstleistungen und Distribution im Obst und Gem\u00fcse-Sortiment.<\/p>\n","protected":false},"excerpt":{"rendered":"<p>M\u00fcnchen. Die Fruchtimport vanWylick GmbH hat am 05.11.2016 im Rahmen eines \u201eTags der offenen T\u00fcr\u201c f\u00fcr die Mitarbeiter:innen und deren Familien die neue Niederlassung in Olching bei M\u00fcnchen feierlich er\u00f6ffnet. Das Reife- und Distributionszentrum mit einer Nutz- und Kommissionier-Fl\u00e4che von ca. 7.000qmliegt ist logistisch g\u00fcnstig an der A8 in dem Gewerbegebiet Olching bei M\u00fcnchen gelegen. [&hellip;]<\/p>\n","protected":false},"author":1,"featured_media":1490,"comment_status":"open","ping_status":"open","sticky":false,"template":"","format":"standard","meta":{"_seopress_robots_primary_cat":"none","_seopress_titles_title":"","_seopress_titles_desc":"","_seopress_robots_index":"","footnotes":""},"categories":[9],"tags":[],"class_list":["post-2232","post","type-post","status-publish","format-standard","has-post-thumbnail","hentry","category-presseinformation"],"_links":{"self":[{"href":"https:\/\/www.vanwylick.de\/de\/wp-json\/wp\/v2\/posts\/2232","targetHints":{"allow":["GET"]}}],"collection":[{"href":"https:\/\/www.vanwylick.de\/de\/wp-json\/wp\/v2\/posts"}],"about":[{"href":"https:\/\/www.vanwylick.de\/de\/wp-json\/wp\/v2\/types\/post"}],"author":[{"embeddable":true,"href":"https:\/\/www.vanwylick.de\/de\/wp-json\/wp\/v2\/users\/1"}],"replies":[{"embeddable":true,"href":"https:\/\/www.vanwylick.de\/de\/wp-json\/wp\/v2\/comments?post=2232"}],"version-history":[{"count":1,"href":"https:\/\/www.vanwylick.de\/de\/wp-json\/wp\/v2\/posts\/2232\/revisions"}],"predecessor-version":[{"id":2235,"href":"https:\/\/www.vanwylick.de\/de\/wp-json\/wp\/v2\/posts\/2232\/revisions\/2235"}],"wp:featuredmedia":[{"embeddable":true,"href":"https:\/\/www.vanwylick.de\/de\/wp-json\/wp\/v2\/media\/1490"}],"wp:attachment":[{"href":"https:\/\/www.vanwylick.de\/de\/wp-json\/wp\/v2\/media?parent=2232"}],"wp:term":[{"taxonomy":"category","embeddable":true,"href":"https:\/\/www.vanwylick.de\/de\/wp-json\/wp\/v2\/categories?post=2232"},{"taxonomy":"post_tag","embeddable":true,"href":"https:\/\/www.vanwylick.de\/de\/wp-json\/wp\/v2\/tags?post=2232"}],"curies":[{"name":"wp","href":"https:\/\/api.w.org\/{rel}","templated":true}]}}