{"id":2050,"date":"2016-11-22T16:56:23","date_gmt":"2016-11-22T15:56:23","guid":{"rendered":"https:\/\/p-gccz55.project.space\/?p=2050"},"modified":"2023-02-14T13:34:48","modified_gmt":"2023-02-14T12:34:48","slug":"erfahrungsbericht-auszubildende","status":"publish","type":"post","link":"https:\/\/www.vanwylick.de\/de\/erfahrungsbericht-auszubildende\/","title":{"rendered":"Erfahrungsbericht Auszubildende"},"content":{"rendered":"<p class=\"lead\">Das Unternehmen Fruchtimport vanWylick nimmt seine Rolle als wichtiges Mitglied der Gesellschaft wahr und engagiert sich dementsprechend f\u00fcr diverse soziale Projekte \u2013 unter anderem f\u00fcr die Integration von Fl\u00fcchtlingen.<\/p>\n<p>Somit k\u00f6nnen wir mit Freude mitteilen, dass wir \u2013 in Zusammenarbeit mit der Initiative \u201eKompass Deutschland\u201c \u2013 einer jungen Syrerin w\u00e4hrend eines zweiw\u00f6chigen Praktikums in unserem Unternehmen einen Einblick in die Obst- und Gem\u00fcsehandelsbranche erm\u00f6glichen konnten.<\/p>\n<p>Milan Khalijko wurde in der Zentrale von vanWylick in D\u00fcsseldorf w\u00e4hrend ihrer Praktikumszeit eingesetzt. Sie begleitete haupts\u00e4chlich uns Auszubildenden des 1. und 3. Lehrjahres bei unseren t\u00e4glichen Aufgaben auf dem Weg zur\/zum Kauffrau\/-mann f\u00fcr Gro\u00df \u2013und Au\u00dfenhandel.<\/p>\n<p>Um Inhalte (der Ausbildung) und Informationen besser zu vermitteln, durfte sie nat\u00fcrlich aktiv mitwirken. In der ersten Praktikumswoche lag der Fokus auf den grundlegenden Aufgaben der Buchhaltung und Administration. Au\u00dferdem wurde sie in die w\u00f6chentliche Warenkunde mit einbezogen, um sie somit dem Metier \u201eObst und Gem\u00fcse\u201c noch n\u00e4herzubringen.<\/p>\n<p>In der zweiten Woche ihres Praktikums wurde sie im Handel, genauer im Produktmanagement Frankreich, im Produktmanagement Banane und im Direktvertrieb eingeteilt. Dort erhielt sie viel neues Wissen \u00fcber Bestellabl\u00e4ufe, Reklamationen und Organisation von Transporten. Engagiert und interessiert beteiligte sie sich an den allt\u00e4glichen Aufgaben und verstand schnell Zusammenh\u00e4nge vom Einkauf der Ware beim Produzenten bis hin zur Belieferung der Kunden.<\/p>\n<p>Zudem haben wir zur Erweiterung der Kenntnisse bez\u00fcglich der Warenkunde mit Milan einen Tag lang die Niederlassung Essen besucht.<\/p>\n<p>Ein abschlie\u00dfendes Gespr\u00e4ch mit Dirk Allerding (Gesch\u00e4ftsf\u00fchrer) und Bastian Haupts (Ausbilder) rundete das zweiw\u00f6chige Praktikum gelungen ab. Milan erhielt ein Arbeitszeugnis, in dem vermerkt wurde, dass eine Bewerbung ihrerseits f\u00fcr einen Ausbildungsplatz zur Kauffrau im Gro\u00df \u2013 und Au\u00dfenhandel bei vanWylick willkommen w\u00e4re.<\/p>\n<p>Voller Stolz pr\u00e4sentierte Frau Khalijko das Arbeitszeugnis uns, den Auszubildenden, und bedankte sich f\u00fcr die Praktikumszeit in unserem Unternehmen.<\/p>\n<p>Im Namen aller beteiligten Auszubildenden der Zentrale bedanken wir uns f\u00fcr dieses Praktikum und diese tolle Erfahrung und hoffen, in Zukunft an weiteren sozialen Projekten teilhaben zu d\u00fcrfen.<\/p>\n<p><strong>Daria Matrisciano, Lina Schweisthal und Thomas Stilos<\/strong><\/p>\n","protected":false},"excerpt":{"rendered":"<p>Das Unternehmen Fruchtimport vanWylick nimmt seine Rolle als wichtiges Mitglied der Gesellschaft wahr und engagiert sich dementsprechend f\u00fcr diverse soziale Projekte \u2013 unter anderem f\u00fcr die Integration von Fl\u00fcchtlingen. Somit k\u00f6nnen wir mit Freude mitteilen, dass wir \u2013 in Zusammenarbeit mit der Initiative \u201eKompass Deutschland\u201c \u2013 einer jungen Syrerin w\u00e4hrend eines zweiw\u00f6chigen Praktikums in unserem [&hellip;]<\/p>\n","protected":false},"author":1,"featured_media":2053,"comment_status":"open","ping_status":"open","sticky":false,"template":"","format":"standard","meta":{"_seopress_robots_primary_cat":"none","_seopress_titles_title":"","_seopress_titles_desc":"","_seopress_robots_index":"","footnotes":""},"categories":[1],"tags":[],"class_list":["post-2050","post","type-post","status-publish","format-standard","has-post-thumbnail","hentry","category-allgemein"],"_links":{"self":[{"href":"https:\/\/www.vanwylick.de\/de\/wp-json\/wp\/v2\/posts\/2050","targetHints":{"allow":["GET"]}}],"collection":[{"href":"https:\/\/www.vanwylick.de\/de\/wp-json\/wp\/v2\/posts"}],"about":[{"href":"https:\/\/www.vanwylick.de\/de\/wp-json\/wp\/v2\/types\/post"}],"author":[{"embeddable":true,"href":"https:\/\/www.vanwylick.de\/de\/wp-json\/wp\/v2\/users\/1"}],"replies":[{"embeddable":true,"href":"https:\/\/www.vanwylick.de\/de\/wp-json\/wp\/v2\/comments?post=2050"}],"version-history":[{"count":4,"href":"https:\/\/www.vanwylick.de\/de\/wp-json\/wp\/v2\/posts\/2050\/revisions"}],"predecessor-version":[{"id":3358,"href":"https:\/\/www.vanwylick.de\/de\/wp-json\/wp\/v2\/posts\/2050\/revisions\/3358"}],"wp:featuredmedia":[{"embeddable":true,"href":"https:\/\/www.vanwylick.de\/de\/wp-json\/wp\/v2\/media\/2053"}],"wp:attachment":[{"href":"https:\/\/www.vanwylick.de\/de\/wp-json\/wp\/v2\/media?parent=2050"}],"wp:term":[{"taxonomy":"category","embeddable":true,"href":"https:\/\/www.vanwylick.de\/de\/wp-json\/wp\/v2\/categories?post=2050"},{"taxonomy":"post_tag","embeddable":true,"href":"https:\/\/www.vanwylick.de\/de\/wp-json\/wp\/v2\/tags?post=2050"}],"curies":[{"name":"wp","href":"https:\/\/api.w.org\/{rel}","templated":true}]}}